{"id":698,"date":"2025-11-10T23:14:55","date_gmt":"2025-11-10T23:14:55","guid":{"rendered":"https:\/\/aga-polaris.es\/?p=698"},"modified":"2025-11-12T23:02:52","modified_gmt":"2025-11-12T23:02:52","slug":"astrocalendario-2026","status":"publish","type":"post","link":"https:\/\/aga-polaris.es\/index.php\/2025\/11\/10\/astrocalendario-2026\/","title":{"rendered":"ASTROCALENDARIO 2026"},"content":{"rendered":"\n<figure class=\"wp-block-image size-large\"><img loading=\"lazy\" decoding=\"async\" width=\"1024\" height=\"1024\" src=\"https:\/\/aga-polaris.es\/wp-content\/uploads\/2025\/11\/5809928100006005557-1024x1024.jpg\" alt=\"\" class=\"wp-image-720\" srcset=\"https:\/\/aga-polaris.es\/wp-content\/uploads\/2025\/11\/5809928100006005557-1024x1024.jpg 1024w, https:\/\/aga-polaris.es\/wp-content\/uploads\/2025\/11\/5809928100006005557-300x300.jpg 300w, https:\/\/aga-polaris.es\/wp-content\/uploads\/2025\/11\/5809928100006005557-150x150.jpg 150w, https:\/\/aga-polaris.es\/wp-content\/uploads\/2025\/11\/5809928100006005557-768x768.jpg 768w, https:\/\/aga-polaris.es\/wp-content\/uploads\/2025\/11\/5809928100006005557-640x640.jpg 640w, https:\/\/aga-polaris.es\/wp-content\/uploads\/2025\/11\/5809928100006005557-50x50.jpg 50w, https:\/\/aga-polaris.es\/wp-content\/uploads\/2025\/11\/5809928100006005557.jpg 1080w\" sizes=\"auto, (max-width: 1024px) 100vw, 1024px\" \/><\/figure>\n\n\n\n<h1 class=\"wp-block-heading has-white-color has-text-color has-link-color has-nasalization-font-family has-medium-font-size wp-elements-0f10c79713fd42c0986dc5004229a82a\">NO TE QUEDES SIN \u00c9L!<\/h1>\n\n\n\n<details class=\"wp-block-details has-primary-color has-text-color has-link-color has-nasalization-font-family wp-elements-adf63f9299c556dcb8b82b649f7ffb35 is-layout-flow wp-block-details-is-layout-flow\"><summary>Ya tenemos disponible para reservar el astrocalendario de la Asociaci\u00f3n que realizamos todos los a\u00f1os con las fotazas de nuestros socios.<br>Os garantizamos que os va encantar, porque el nivel de las fotos sube a\u00f1o tras a\u00f1o ( gran trabajo realizado por nuestros compis, mostrando un gran avance a lo largo de este a\u00f1o&#8230;.)<br>Entrega de los calendarios a partir de Diciembre pr\u00f3ximo.<br>M\u00e1s informaci\u00f3n en el enlace<br>https:\/\/www.facebook.com\/share\/p\/17feaSgQKC\/<br><br>Precio: 6\u20ac (+3\u20ac si tenemos que enviarlo)<br><br>Cualquier duda que tengais, no dudeis en escribirnos.<br><br>Esperamos que os guste y que os anim\u00e9is a pedirlo..<br>Much\u00edsimas gracias!!<\/summary>\n<p><\/p>\n<\/details>\n\n\n\n<p><\/p>\n","protected":false},"excerpt":{"rendered":"<p>NO TE QUEDES SIN \u00c9L!<\/p>\n","protected":false},"author":2,"featured_media":720,"comment_status":"open","ping_status":"open","sticky":false,"template":"","format":"standard","meta":{"footnotes":""},"categories":[19],"tags":[25],"class_list":["post-698","post","type-post","status-publish","format-standard","has-post-thumbnail","hentry","category-actividades","tag-calendario"],"_links":{"self":[{"href":"https:\/\/aga-polaris.es\/index.php\/wp-json\/wp\/v2\/posts\/698","targetHints":{"allow":["GET"]}}],"collection":[{"href":"https:\/\/aga-polaris.es\/index.php\/wp-json\/wp\/v2\/posts"}],"about":[{"href":"https:\/\/aga-polaris.es\/index.php\/wp-json\/wp\/v2\/types\/post"}],"author":[{"embeddable":true,"href":"https:\/\/aga-polaris.es\/index.php\/wp-json\/wp\/v2\/users\/2"}],"replies":[{"embeddable":true,"href":"https:\/\/aga-polaris.es\/index.php\/wp-json\/wp\/v2\/comments?post=698"}],"version-history":[{"count":2,"href":"https:\/\/aga-polaris.es\/index.php\/wp-json\/wp\/v2\/posts\/698\/revisions"}],"predecessor-version":[{"id":721,"href":"https:\/\/aga-polaris.es\/index.php\/wp-json\/wp\/v2\/posts\/698\/revisions\/721"}],"wp:featuredmedia":[{"embeddable":true,"href":"https:\/\/aga-polaris.es\/index.php\/wp-json\/wp\/v2\/media\/720"}],"wp:attachment":[{"href":"https:\/\/aga-polaris.es\/index.php\/wp-json\/wp\/v2\/media?parent=698"}],"wp:term":[{"taxonomy":"category","embeddable":true,"href":"https:\/\/aga-polaris.es\/index.php\/wp-json\/wp\/v2\/categories?post=698"},{"taxonomy":"post_tag","embeddable":true,"href":"https:\/\/aga-polaris.es\/index.php\/wp-json\/wp\/v2\/tags?post=698"}],"curies":[{"name":"wp","href":"https:\/\/api.w.org\/{rel}","templated":true}]}}