{"id":65,"date":"2024-07-20T22:11:33","date_gmt":"2024-07-20T22:11:33","guid":{"rendered":"https:\/\/aga-polaris.es\/?p=65"},"modified":"2026-02-24T20:36:24","modified_gmt":"2026-02-24T20:36:24","slug":"conocenos","status":"publish","type":"post","link":"https:\/\/aga-polaris.es\/index.php\/2024\/07\/20\/conocenos\/","title":{"rendered":"Con\u00f3cenos"},"content":{"rendered":"\n<p>No somos cient\u00edficos, ni catedr\u00e1ticos, ni expertos. Somos personas apasionadas por capturar el cielo y por compartir una afici\u00f3n que consideramos sana, enriquecedora y profundamente transformadora. Un d\u00eda decidimos poner en marcha algo que todos echamos en falta cuando empezamos: orientaci\u00f3n para dar los primeros pasos y compa\u00f1\u00eda en esas largas noches fr\u00edas bajo las estrellas.<\/p>\n\n\n\n<p>\u00bfPor qu\u00e9 nos atrapa esta afici\u00f3n? Nos apasiona la fotograf\u00eda. Nos fascina el Espacio. Pero hay algo m\u00e1s.<\/p>\n\n\n\n<p>Llegas a tu ubicaci\u00f3n en un cielo oscuro. Montas el equipo. Esperas a que caiga la noche. Y entonces sucede ese \u201cmientras tanto\u201d. Ese instante en el que el silencio de la naturaleza se vuelve casi audible. El momento en que el cielo empieza a oscurecerse y, una a una, emergen miles de estrellas que en nuestras ciudades apenas intuimos. De repente tomas conciencia de un universo que existe siempre, aunque nuestra rutina apenas nos deje mirarlo. Comprendes que vivimos demasiado pendientes de cuatro cosas urgentes, olvidando la inmensidad que nos rodea.<\/p>\n\n\n\n<p>De conversaciones improvisadas entre caf\u00e9s naci\u00f3 la idea de dar forma a todo esto. As\u00ed surge la Asociaci\u00f3n Galega de Astronom\u00eda Polaris, con la voluntad de convertir esa emoci\u00f3n individual en un proyecto colectivo.<\/p>\n\n\n\n<p>Queremos difundir y divulgar la astrofotograf\u00eda en Galicia. Promover el conocimiento del firmamento, la observaci\u00f3n y la captura del cielo nocturno. Ofrecer ayuda desinteresada a quienes deseen iniciarse en esta disciplina. Crear comunidad.<\/p>\n\n\n\n<p>Organizaremos conferencias, charlas divulgativas, jornadas, encuentros nocturnos y toda actividad cultural que impulse esta pasi\u00f3n compartida. Aspiramos a que la astrofotograf\u00eda sea tambi\u00e9n una forma de ocio consciente, un espacio donde el tiempo libre se convierta en descubrimiento y aprendizaje.<\/p>\n\n\n\n<p>Defendemos, adem\u00e1s, un modelo de ocio saludable y respetuoso con el medio ambiente. La lucha contra la contaminaci\u00f3n lum\u00ednica es uno de nuestros compromisos fundamentales, porque nos afecta a todos. Proteger los cielos oscuros no solo mejora la observaci\u00f3n astron\u00f3mica, tambi\u00e9n preserva la biodiversidad nocturna y el equilibrio natural.<\/p>\n\n\n\n<p>Galicia cuenta con enclaves de extraordinaria calidad para la observaci\u00f3n del cielo, aunque no est\u00e1 exenta del impacto de la luz artificial generada por ciudades, pol\u00edgonos y carreteras. Creemos que el turismo astron\u00f3mico puede convertirse en una oportunidad real para las comunidades rurales, generando actividad econ\u00f3mica y empleo, al tiempo que se pone en valor el patrimonio natural y el cielo nocturno.<\/p>\n\n\n\n<p>Estamos abiertos a colaborar con personas, asociaciones e instituciones que compartan esta visi\u00f3n. Queremos intercambiar conocimiento, impulsar proyectos conjuntos y fortalecer una red que valore y proteja esta disciplina.<\/p>\n\n\n\n<p>Mirar al cielo no es solo observar estrellas. Es recuperar perspectiva. Y queremos hacerlo juntos.<\/p>\n","protected":false},"excerpt":{"rendered":"<p>No somos cient\u00edficos, ni catedr\u00e1ticos, ni expertos. Somos personas apasionadas por capturar el cielo y por compartir una afici\u00f3n que consideramos sana, enriquecedora y profundamente transformadora. Un d\u00eda decidimos poner en marcha algo que todos echamos en falta cuando empezamos: orientaci\u00f3n para dar los primeros pasos y compa\u00f1\u00eda en esas largas noches fr\u00edas bajo las [&hellip;]<\/p>\n","protected":false},"author":2,"featured_media":0,"comment_status":"open","ping_status":"open","sticky":false,"template":"","format":"standard","meta":{"footnotes":""},"categories":[18],"tags":[],"class_list":["post-65","post","type-post","status-publish","format-standard","hentry","category-noticias"],"_links":{"self":[{"href":"https:\/\/aga-polaris.es\/index.php\/wp-json\/wp\/v2\/posts\/65","targetHints":{"allow":["GET"]}}],"collection":[{"href":"https:\/\/aga-polaris.es\/index.php\/wp-json\/wp\/v2\/posts"}],"about":[{"href":"https:\/\/aga-polaris.es\/index.php\/wp-json\/wp\/v2\/types\/post"}],"author":[{"embeddable":true,"href":"https:\/\/aga-polaris.es\/index.php\/wp-json\/wp\/v2\/users\/2"}],"replies":[{"embeddable":true,"href":"https:\/\/aga-polaris.es\/index.php\/wp-json\/wp\/v2\/comments?post=65"}],"version-history":[{"count":6,"href":"https:\/\/aga-polaris.es\/index.php\/wp-json\/wp\/v2\/posts\/65\/revisions"}],"predecessor-version":[{"id":893,"href":"https:\/\/aga-polaris.es\/index.php\/wp-json\/wp\/v2\/posts\/65\/revisions\/893"}],"wp:attachment":[{"href":"https:\/\/aga-polaris.es\/index.php\/wp-json\/wp\/v2\/media?parent=65"}],"wp:term":[{"taxonomy":"category","embeddable":true,"href":"https:\/\/aga-polaris.es\/index.php\/wp-json\/wp\/v2\/categories?post=65"},{"taxonomy":"post_tag","embeddable":true,"href":"https:\/\/aga-polaris.es\/index.php\/wp-json\/wp\/v2\/tags?post=65"}],"curies":[{"name":"wp","href":"https:\/\/api.w.org\/{rel}","templated":true}]}}